{"id":1817,"date":"2021-08-03T00:00:00","date_gmt":"2021-08-03T00:00:00","guid":{"rendered":"https:\/\/march.hu\/what-kind-of-leader-do-you-think-you-are\/"},"modified":"2024-04-23T18:07:29","modified_gmt":"2024-04-23T18:07:29","slug":"what-kind-of-leader-do-you-think-you-are","status":"publish","type":"post","link":"https:\/\/march.hu\/en\/what-kind-of-leader-do-you-think-you-are\/","title":{"rendered":"What kind of leader do you think you are?"},"content":{"rendered":"\n<p>Like most leaders have been managing in the same way for years or even decades and like they are either interested in results or people. Those who focus on results are referred to as autocratic while those who focus more on people are democratic leaders. Who is an agile leader? Three utils that promote collaborative leadership: <\/p>\n\n<p>n this changing world, is it possible for leaders to lead themselves and their colleagues in a way that their presence helps employees and the organization to profit as well? <\/p>\n\n<div style=\"height:25px\" aria-hidden=\"true\" class=\"wp-block-spacer\"><\/div>\n\n<h2 class=\"wp-block-heading\" id=\"h-agilis-vezet-vagy\">Are you an agile leader?<\/h2>\n\n<p>Topdown organizations worked well in the past. However, this operating model is too slow today. It doesn\u2019t motivate people and kills the tendency to initiate. Customers demand faster services and better products so it\u2019s important for everyone to do the best of their abilities. Since speed is the key to success today, leading in collaboration is much more efficient than the old command-and-control based system. Today, we have to be able to do a lot more things faster and with fewer resources. On the other hand, people expect a bigger sense of accomplishment and more value creation from their work. Are you an agile leader? here is an Agile leadership <a href=\"http:\/\/www.ri.co.hu\/agilis-blog\/hu\/agilis-vezeto-vagy\/\">questionnaire<\/a>. <\/p>\n\n<div style=\"height:25px\" aria-hidden=\"true\" class=\"wp-block-spacer\"><\/div>\n\n<h2 class=\"wp-block-heading\" id=\"h-hogyan-rdemes-ma-vezetni-h-rom-eszk-z-hozz\">So, what should leadership be like in these circumstances? Three steps that promote collaborative leadership: <\/h2>\n\n<p>This article is based on the book <em>The one minute manager by Ken Blanchard and Spencer Jonhson:<\/em> <\/p>\n\n<div style=\"height:15px\" aria-hidden=\"true\" class=\"wp-block-spacer\"><\/div>\n\n<h3 class=\"wp-block-heading\">One-minute goals:<\/h3>\n\n<div class=\"wp-block-advgb-list\"><ul class=\"advgblist-2b3edad3-8211-4a9a-a5a2-d669403db860 advgb-list advgb-list-controls-play\"><li>Establishing goals is done together with the manager<\/li><li>The goal and the expected performance always fit on one page in 1 or 2 paragraphs <\/li><li>Establishing About 3-5 goals <\/li><li>They can be assessed daily checking whether the behavior is aligned with the goal <\/li><\/ul><\/div>\n\n<div style=\"height:19px\" aria-hidden=\"true\" class=\"wp-block-spacer\"><\/div>\n\n<h3 class=\"wp-block-heading\" id=\"h-egyperces-dics-ret\">One-minute praisings:<\/h3>\n\n<div class=\"wp-block-advgb-list\"><ul class=\"advgblist-668df53c-4c7e-4c36-ae76-22010da59969 advgb-list advgb-list-controls-play\"><li>Clear feedback about the progress and the satisfaction caused by it <\/li><li>Short calm to be happy about the success <\/li><li>Reinforcement of the praising and of the continuation of great work <\/li><\/ul><\/div>\n\n<div style=\"height:19px\" aria-hidden=\"true\" class=\"wp-block-spacer\"><\/div>\n\n<h3 class=\"wp-block-heading\" id=\"h-egyperces-ir-nymutat-s\">One-minute re-directs:<\/h3>\n\n<div class=\"wp-block-advgb-list\"><ul class=\"advgblist-eeb793e6-ec52-4372-a3b5-52ffac5377f6 advgb-list advgb-list-controls-play\"><li>Guidelines help correcting mistakes <\/li><li>Making sure that the goals established were clear <\/li><li>Facts about making mistakes and about the feelings that they induced in the manager <\/li><li>Calm to have time for things to settle <\/li><li>Reinforcement of continuing the work in hopes that this mistake will never happen again <\/li><\/ul><\/div>\n\n<div style=\"height:19px\" aria-hidden=\"true\" class=\"wp-block-spacer\"><\/div>\n\n<p>Establishing goals makes it clear what we should mainly focus on, praisings enhance trust and confidence which are must-haves for success and re-directs are aimed at mistakes. All of these three elements help in making people feel good and achieve good results. <\/p>\n\n<p>What do you think about these three elements? How would you use them as a leader? <\/p>\n\n<p class=\"has-text-align-right\"><em><strong>Author:<\/strong> Zsuzsa Danka<\/em><br\/><em><strong>This article is based on the book<\/strong> Ken Blanchard and Spencer Johnson: <a href=\"https:\/\/www.libri.hu\/konyv\/ken_blanchard.egyperces-menedzsment.html?gclid=Cj0KCQiAkZKNBhDiARIsAPsk0WgcjYRhjRJ9WYyEwUQuB5DXA0Zcd6cz9-5GkdBhNY2493909q6tFhAaAtp4EALw_wcB\" target=\"_blank\" rel=\"noreferrer noopener\">The one minute manager<\/a><\/em><\/p>\n\n<p><\/p>\n","protected":false},"excerpt":{"rendered":"<p>Today, we have to be able to do a lot more things faster and with fewer resources. So, what should leadership be like in these circumstances?<\/p>\n","protected":false},"author":2,"featured_media":718,"comment_status":"open","ping_status":"open","sticky":false,"template":"","format":"standard","meta":{"footnotes":""},"categories":[59,5],"tags":[60],"class_list":["post-1817","post","type-post","status-publish","format-standard","has-post-thumbnail","hentry","category-awesome-practices-en","category-uncategorized","tag-agile-leader-en"],"yoast_head":"<!-- This site is optimized with the Yoast SEO Premium plugin v22.3 (Yoast SEO v22.9) - https:\/\/yoast.com\/wordpress\/plugins\/seo\/ -->\n<title>What kind of leader do you think you are? - March<\/title>\n<meta name=\"robots\" content=\"index, follow, max-snippet:-1, max-image-preview:large, max-video-preview:-1\" \/>\n<link rel=\"canonical\" href=\"https:\/\/march.hu\/en\/what-kind-of-leader-do-you-think-you-are\/\" \/>\n<meta property=\"og:locale\" content=\"en_US\" \/>\n<meta property=\"og:type\" content=\"article\" \/>\n<meta property=\"og:title\" content=\"What kind of leader do you think you are?\" \/>\n<meta property=\"og:description\" content=\"Today, we have to be able to do a lot more things faster and with fewer resources. So, what should leadership be like in these circumstances?\" \/>\n<meta property=\"og:url\" content=\"https:\/\/march.hu\/en\/what-kind-of-leader-do-you-think-you-are\/\" \/>\n<meta property=\"og:site_name\" content=\"March\" \/>\n<meta property=\"article:published_time\" content=\"2021-08-03T00:00:00+00:00\" \/>\n<meta property=\"article:modified_time\" content=\"2024-04-23T18:07:29+00:00\" \/>\n<meta property=\"og:image\" content=\"https:\/\/march.hu\/wp-content\/uploads\/2024\/03\/1670408835_3-egyszeru-eszkoz-az-agilis-vezeto-eszkoztaraba-RI-scaled.jpg\" \/>\n\t<meta property=\"og:image:width\" content=\"2560\" \/>\n\t<meta property=\"og:image:height\" content=\"1706\" \/>\n\t<meta property=\"og:image:type\" content=\"image\/jpeg\" \/>\n<meta name=\"author\" content=\"Barab\u00e1s Andrea\" \/>\n<meta name=\"twitter:card\" content=\"summary_large_image\" \/>\n<meta name=\"twitter:label1\" content=\"Written by\" \/>\n\t<meta name=\"twitter:data1\" content=\"Barab\u00e1s Andrea\" \/>\n\t<meta name=\"twitter:label2\" content=\"Est. reading time\" \/>\n\t<meta name=\"twitter:data2\" content=\"2 minutes\" \/>\n<script type=\"application\/ld+json\" class=\"yoast-schema-graph\">{\"@context\":\"https:\/\/schema.org\",\"@graph\":[{\"@type\":\"Article\",\"@id\":\"https:\/\/march.hu\/en\/what-kind-of-leader-do-you-think-you-are\/#article\",\"isPartOf\":{\"@id\":\"https:\/\/march.hu\/en\/what-kind-of-leader-do-you-think-you-are\/\"},\"author\":{\"name\":\"Barab\u00e1s Andrea\",\"@id\":\"https:\/\/march.hu\/#\/schema\/person\/9fc52b5853433309f299073b8261479d\"},\"headline\":\"What kind of leader do you think you are?\",\"datePublished\":\"2021-08-03T00:00:00+00:00\",\"dateModified\":\"2024-04-23T18:07:29+00:00\",\"mainEntityOfPage\":{\"@id\":\"https:\/\/march.hu\/en\/what-kind-of-leader-do-you-think-you-are\/\"},\"wordCount\":446,\"commentCount\":0,\"publisher\":{\"@id\":\"https:\/\/march.hu\/#organization\"},\"image\":{\"@id\":\"https:\/\/march.hu\/en\/what-kind-of-leader-do-you-think-you-are\/#primaryimage\"},\"thumbnailUrl\":\"https:\/\/march.hu\/wp-content\/uploads\/2024\/03\/1670408835_3-egyszeru-eszkoz-az-agilis-vezeto-eszkoztaraba-RI-scaled.jpg\",\"keywords\":[\"agile leader\"],\"articleSection\":[\"Awesome practices\"],\"inLanguage\":\"en-US\",\"potentialAction\":[{\"@type\":\"CommentAction\",\"name\":\"Comment\",\"target\":[\"https:\/\/march.hu\/en\/what-kind-of-leader-do-you-think-you-are\/#respond\"]}]},{\"@type\":\"WebPage\",\"@id\":\"https:\/\/march.hu\/en\/what-kind-of-leader-do-you-think-you-are\/\",\"url\":\"https:\/\/march.hu\/en\/what-kind-of-leader-do-you-think-you-are\/\",\"name\":\"What kind of leader do you think you are? - March\",\"isPartOf\":{\"@id\":\"https:\/\/march.hu\/#website\"},\"primaryImageOfPage\":{\"@id\":\"https:\/\/march.hu\/en\/what-kind-of-leader-do-you-think-you-are\/#primaryimage\"},\"image\":{\"@id\":\"https:\/\/march.hu\/en\/what-kind-of-leader-do-you-think-you-are\/#primaryimage\"},\"thumbnailUrl\":\"https:\/\/march.hu\/wp-content\/uploads\/2024\/03\/1670408835_3-egyszeru-eszkoz-az-agilis-vezeto-eszkoztaraba-RI-scaled.jpg\",\"datePublished\":\"2021-08-03T00:00:00+00:00\",\"dateModified\":\"2024-04-23T18:07:29+00:00\",\"breadcrumb\":{\"@id\":\"https:\/\/march.hu\/en\/what-kind-of-leader-do-you-think-you-are\/#breadcrumb\"},\"inLanguage\":\"en-US\",\"potentialAction\":[{\"@type\":\"ReadAction\",\"target\":[\"https:\/\/march.hu\/en\/what-kind-of-leader-do-you-think-you-are\/\"]}]},{\"@type\":\"ImageObject\",\"inLanguage\":\"en-US\",\"@id\":\"https:\/\/march.hu\/en\/what-kind-of-leader-do-you-think-you-are\/#primaryimage\",\"url\":\"https:\/\/march.hu\/wp-content\/uploads\/2024\/03\/1670408835_3-egyszeru-eszkoz-az-agilis-vezeto-eszkoztaraba-RI-scaled.jpg\",\"contentUrl\":\"https:\/\/march.hu\/wp-content\/uploads\/2024\/03\/1670408835_3-egyszeru-eszkoz-az-agilis-vezeto-eszkoztaraba-RI-scaled.jpg\",\"width\":1920,\"height\":1280},{\"@type\":\"BreadcrumbList\",\"@id\":\"https:\/\/march.hu\/en\/what-kind-of-leader-do-you-think-you-are\/#breadcrumb\",\"itemListElement\":[{\"@type\":\"ListItem\",\"position\":1,\"name\":\"Kezd\u0151lap\",\"item\":\"https:\/\/march.hu\/\"},{\"@type\":\"ListItem\",\"position\":2,\"name\":\"What kind of leader do you think you are?\"}]},{\"@type\":\"WebSite\",\"@id\":\"https:\/\/march.hu\/#website\",\"url\":\"https:\/\/march.hu\/\",\"name\":\"March\",\"description\":\"Az orsz\u00e1g legnagyobb agilis k\u00f6z\u00f6ss\u00e9ge\",\"publisher\":{\"@id\":\"https:\/\/march.hu\/#organization\"},\"potentialAction\":[{\"@type\":\"SearchAction\",\"target\":{\"@type\":\"EntryPoint\",\"urlTemplate\":\"https:\/\/march.hu\/?s={search_term_string}\"},\"query-input\":\"required name=search_term_string\"}],\"inLanguage\":\"en-US\"},{\"@type\":\"Organization\",\"@id\":\"https:\/\/march.hu\/#organization\",\"name\":\"March\",\"url\":\"https:\/\/march.hu\/\",\"logo\":{\"@type\":\"ImageObject\",\"inLanguage\":\"en-US\",\"@id\":\"https:\/\/march.hu\/#\/schema\/logo\/image\/\",\"url\":\"https:\/\/march.hu\/wp-content\/uploads\/2024\/03\/favicon.png\",\"contentUrl\":\"https:\/\/march.hu\/wp-content\/uploads\/2024\/03\/favicon.png\",\"width\":211,\"height\":306,\"caption\":\"March\"},\"image\":{\"@id\":\"https:\/\/march.hu\/#\/schema\/logo\/image\/\"}},{\"@type\":\"Person\",\"@id\":\"https:\/\/march.hu\/#\/schema\/person\/9fc52b5853433309f299073b8261479d\",\"name\":\"Barab\u00e1s Andrea\",\"image\":{\"@type\":\"ImageObject\",\"inLanguage\":\"en-US\",\"@id\":\"https:\/\/march.hu\/#\/schema\/person\/image\/\",\"url\":\"https:\/\/secure.gravatar.com\/avatar\/8c5412916a896168cb5f2688ccab57537fbad0bdaa96a4bc0c6a3e17b9e1e7a5?s=96&d=mm&r=g\",\"contentUrl\":\"https:\/\/secure.gravatar.com\/avatar\/8c5412916a896168cb5f2688ccab57537fbad0bdaa96a4bc0c6a3e17b9e1e7a5?s=96&d=mm&r=g\",\"caption\":\"Barab\u00e1s Andrea\"},\"url\":\"https:\/\/march.hu\/en\/author\/andrea\/\"}]}<\/script>\n<!-- \/ Yoast SEO Premium plugin. -->","yoast_head_json":{"title":"What kind of leader do you think you are? - March","robots":{"index":"index","follow":"follow","max-snippet":"max-snippet:-1","max-image-preview":"max-image-preview:large","max-video-preview":"max-video-preview:-1"},"canonical":"https:\/\/march.hu\/en\/what-kind-of-leader-do-you-think-you-are\/","og_locale":"en_US","og_type":"article","og_title":"What kind of leader do you think you are?","og_description":"Today, we have to be able to do a lot more things faster and with fewer resources. So, what should leadership be like in these circumstances?","og_url":"https:\/\/march.hu\/en\/what-kind-of-leader-do-you-think-you-are\/","og_site_name":"March","article_published_time":"2021-08-03T00:00:00+00:00","article_modified_time":"2024-04-23T18:07:29+00:00","og_image":[{"width":2560,"height":1706,"url":"https:\/\/march.hu\/wp-content\/uploads\/2024\/03\/1670408835_3-egyszeru-eszkoz-az-agilis-vezeto-eszkoztaraba-RI-scaled.jpg","type":"image\/jpeg"}],"author":"Barab\u00e1s Andrea","twitter_card":"summary_large_image","twitter_misc":{"Written by":"Barab\u00e1s Andrea","Est. reading time":"2 minutes"},"schema":{"@context":"https:\/\/schema.org","@graph":[{"@type":"Article","@id":"https:\/\/march.hu\/en\/what-kind-of-leader-do-you-think-you-are\/#article","isPartOf":{"@id":"https:\/\/march.hu\/en\/what-kind-of-leader-do-you-think-you-are\/"},"author":{"name":"Barab\u00e1s Andrea","@id":"https:\/\/march.hu\/#\/schema\/person\/9fc52b5853433309f299073b8261479d"},"headline":"What kind of leader do you think you are?","datePublished":"2021-08-03T00:00:00+00:00","dateModified":"2024-04-23T18:07:29+00:00","mainEntityOfPage":{"@id":"https:\/\/march.hu\/en\/what-kind-of-leader-do-you-think-you-are\/"},"wordCount":446,"commentCount":0,"publisher":{"@id":"https:\/\/march.hu\/#organization"},"image":{"@id":"https:\/\/march.hu\/en\/what-kind-of-leader-do-you-think-you-are\/#primaryimage"},"thumbnailUrl":"https:\/\/march.hu\/wp-content\/uploads\/2024\/03\/1670408835_3-egyszeru-eszkoz-az-agilis-vezeto-eszkoztaraba-RI-scaled.jpg","keywords":["agile leader"],"articleSection":["Awesome practices"],"inLanguage":"en-US","potentialAction":[{"@type":"CommentAction","name":"Comment","target":["https:\/\/march.hu\/en\/what-kind-of-leader-do-you-think-you-are\/#respond"]}]},{"@type":"WebPage","@id":"https:\/\/march.hu\/en\/what-kind-of-leader-do-you-think-you-are\/","url":"https:\/\/march.hu\/en\/what-kind-of-leader-do-you-think-you-are\/","name":"What kind of leader do you think you are? - March","isPartOf":{"@id":"https:\/\/march.hu\/#website"},"primaryImageOfPage":{"@id":"https:\/\/march.hu\/en\/what-kind-of-leader-do-you-think-you-are\/#primaryimage"},"image":{"@id":"https:\/\/march.hu\/en\/what-kind-of-leader-do-you-think-you-are\/#primaryimage"},"thumbnailUrl":"https:\/\/march.hu\/wp-content\/uploads\/2024\/03\/1670408835_3-egyszeru-eszkoz-az-agilis-vezeto-eszkoztaraba-RI-scaled.jpg","datePublished":"2021-08-03T00:00:00+00:00","dateModified":"2024-04-23T18:07:29+00:00","breadcrumb":{"@id":"https:\/\/march.hu\/en\/what-kind-of-leader-do-you-think-you-are\/#breadcrumb"},"inLanguage":"en-US","potentialAction":[{"@type":"ReadAction","target":["https:\/\/march.hu\/en\/what-kind-of-leader-do-you-think-you-are\/"]}]},{"@type":"ImageObject","inLanguage":"en-US","@id":"https:\/\/march.hu\/en\/what-kind-of-leader-do-you-think-you-are\/#primaryimage","url":"https:\/\/march.hu\/wp-content\/uploads\/2024\/03\/1670408835_3-egyszeru-eszkoz-az-agilis-vezeto-eszkoztaraba-RI-scaled.jpg","contentUrl":"https:\/\/march.hu\/wp-content\/uploads\/2024\/03\/1670408835_3-egyszeru-eszkoz-az-agilis-vezeto-eszkoztaraba-RI-scaled.jpg","width":1920,"height":1280},{"@type":"BreadcrumbList","@id":"https:\/\/march.hu\/en\/what-kind-of-leader-do-you-think-you-are\/#breadcrumb","itemListElement":[{"@type":"ListItem","position":1,"name":"Kezd\u0151lap","item":"https:\/\/march.hu\/"},{"@type":"ListItem","position":2,"name":"What kind of leader do you think you are?"}]},{"@type":"WebSite","@id":"https:\/\/march.hu\/#website","url":"https:\/\/march.hu\/","name":"March","description":"Az orsz\u00e1g legnagyobb agilis k\u00f6z\u00f6ss\u00e9ge","publisher":{"@id":"https:\/\/march.hu\/#organization"},"potentialAction":[{"@type":"SearchAction","target":{"@type":"EntryPoint","urlTemplate":"https:\/\/march.hu\/?s={search_term_string}"},"query-input":"required name=search_term_string"}],"inLanguage":"en-US"},{"@type":"Organization","@id":"https:\/\/march.hu\/#organization","name":"March","url":"https:\/\/march.hu\/","logo":{"@type":"ImageObject","inLanguage":"en-US","@id":"https:\/\/march.hu\/#\/schema\/logo\/image\/","url":"https:\/\/march.hu\/wp-content\/uploads\/2024\/03\/favicon.png","contentUrl":"https:\/\/march.hu\/wp-content\/uploads\/2024\/03\/favicon.png","width":211,"height":306,"caption":"March"},"image":{"@id":"https:\/\/march.hu\/#\/schema\/logo\/image\/"}},{"@type":"Person","@id":"https:\/\/march.hu\/#\/schema\/person\/9fc52b5853433309f299073b8261479d","name":"Barab\u00e1s Andrea","image":{"@type":"ImageObject","inLanguage":"en-US","@id":"https:\/\/march.hu\/#\/schema\/person\/image\/","url":"https:\/\/secure.gravatar.com\/avatar\/8c5412916a896168cb5f2688ccab57537fbad0bdaa96a4bc0c6a3e17b9e1e7a5?s=96&d=mm&r=g","contentUrl":"https:\/\/secure.gravatar.com\/avatar\/8c5412916a896168cb5f2688ccab57537fbad0bdaa96a4bc0c6a3e17b9e1e7a5?s=96&d=mm&r=g","caption":"Barab\u00e1s Andrea"},"url":"https:\/\/march.hu\/en\/author\/andrea\/"}]}},"jetpack_featured_media_url":"https:\/\/march.hu\/wp-content\/uploads\/2024\/03\/1670408835_3-egyszeru-eszkoz-az-agilis-vezeto-eszkoztaraba-RI-scaled.jpg","_links":{"self":[{"href":"https:\/\/march.hu\/en\/wp-json\/wp\/v2\/posts\/1817","targetHints":{"allow":["GET"]}}],"collection":[{"href":"https:\/\/march.hu\/en\/wp-json\/wp\/v2\/posts"}],"about":[{"href":"https:\/\/march.hu\/en\/wp-json\/wp\/v2\/types\/post"}],"author":[{"embeddable":true,"href":"https:\/\/march.hu\/en\/wp-json\/wp\/v2\/users\/2"}],"replies":[{"embeddable":true,"href":"https:\/\/march.hu\/en\/wp-json\/wp\/v2\/comments?post=1817"}],"version-history":[{"count":1,"href":"https:\/\/march.hu\/en\/wp-json\/wp\/v2\/posts\/1817\/revisions"}],"predecessor-version":[{"id":1818,"href":"https:\/\/march.hu\/en\/wp-json\/wp\/v2\/posts\/1817\/revisions\/1818"}],"wp:featuredmedia":[{"embeddable":true,"href":"https:\/\/march.hu\/en\/wp-json\/wp\/v2\/media\/718"}],"wp:attachment":[{"href":"https:\/\/march.hu\/en\/wp-json\/wp\/v2\/media?parent=1817"}],"wp:term":[{"taxonomy":"category","embeddable":true,"href":"https:\/\/march.hu\/en\/wp-json\/wp\/v2\/categories?post=1817"},{"taxonomy":"post_tag","embeddable":true,"href":"https:\/\/march.hu\/en\/wp-json\/wp\/v2\/tags?post=1817"}],"curies":[{"name":"wp","href":"https:\/\/api.w.org\/{rel}","templated":true}]}}