{"id":1819,"date":"2021-06-24T00:00:00","date_gmt":"2021-06-24T00:00:00","guid":{"rendered":"https:\/\/march.hu\/are-you-an-agile-leader\/"},"modified":"2024-04-24T00:28:39","modified_gmt":"2024-04-24T00:28:39","slug":"are-you-an-agile-leader","status":"publish","type":"post","link":"https:\/\/march.hu\/en\/are-you-an-agile-leader\/","title":{"rendered":"Are you an agile leader?"},"content":{"rendered":"<h2><strong>If so, do you create opportunities &nbsp;or do you &nbsp;disrupt?&nbsp;<\/strong><\/h2>\n<p>Agile leaders are connected leaders. But what does this mean? Agile leaders are opportunity-creating and disruptive at the same time.<\/p>\n<p>Simon&nbsp;Hayward&nbsp;In his book <a href=\"https:\/\/www.libri.hu\/konyv\/simon_hayward.az-agilis-vezeto.html?gclid=Cj0KCQiAkZKNBhDiARIsAPsk0Wg_UqJe_ibx2p_bbT0oqRciWUpWisrxU2L7KFH_75T6TLnWiKTvL18aAioLEALw_wcB\" data-wplink-edit=\"true\"><em>The Agile Leader,<\/em><\/a> Simon Hayward explains that these leaders create organizations that are able to adapt and transform even in the midst of unprecedented changes and customer needs. They are also disruptive by being willing to question and re-create themselves and their organization even if the employees are less prone to this.&nbsp;<\/p>\n<p>So, agile leaders are opportunity-creating and disruptive at the same time. But which one of these characteristics is more dominant in your case? Where should you improve? The diagnostic questionnaire below will help you find out.<\/p>\n<p>Read the statements and remember which ones you think apply to you. Add up the number of applicable-to-you statements per column and whichever is higher is your dominant characteristic of the two.&nbsp;&nbsp;<\/p>\n\n<h2 class=\"wp-block-heading\" id=\"h-agilis-vezet-k-rd-v\">Agile leadership questionnaire<\/h2>\n\n<figure class=\"wp-block-table\"><table><thead><tr><th>What do opportunity creators do? <\/th><th>What do disruptors do?<\/th><\/tr><\/thead><tbody><tr><td>1. I talk to people about our goals so that we all know why we do what we do. <\/td><td>1. I aim to make sense of changing customer needs.<\/td><\/tr><tr><td>2. I make sure the priorities within the whole organization are in sync. <\/td><td>2. I regularly question the status quo. <\/td><\/tr><tr><td>3. I talk to customers often. <\/td><td>3. I disrupt beurocracy and re-think the operative model so that we are efficient. <\/td><\/tr><tr><td>4. I have adequate social abilities to convince others of the importance of the changes through empathy. <\/td><td>4. I disrupt seperate corporate functions and question tribe-thinking.<\/td><\/tr><tr><td>5. I am consequently credible. <\/td><td>5. I think creatively. <\/td><\/tr><tr><td>6. I train my team to develop their skills and to take on more responsibility. <\/td><td>6. I am bold and take on radical opportunities. <\/td><\/tr><tr><td>7. I consequently decentralize decision making to encourage other to speak up. <\/td><td>7. I am an optimist and I trust the future.<\/td><\/tr><tr><td>8. I create collaboration efficiently so that we reach our common goals together with different people. <\/td><td>8. I am determined to make breakthroughs and complete the mission. <\/td><\/tr><tr><td>9. I encourage people to learn from their mistakes <\/td><td>9. I adapt to external changes quickly. <\/td><\/tr><tr><td>10. I encourage whatever is best in others. <\/td><td>10. I inspire other to cross barriers and find new ways to complete tasks. <\/td><\/tr><\/tbody><\/table><figcaption><em>Simon Hayward: The agile leader<\/em><\/figcaption><\/figure>\n\n<p>Which one is more dominant in your case? Are you an agile leader? The diagnostic questionnaire will help you find out. The statements you think don\u2019t apply to you are the areas where you can improve. For more on using this method to improve your skills, read this popular book, and read our previous <a href=\"http:\/\/www.ri.co.hu\/agilis-blog\/hu\/hogyan-legyunk-agilis-vezetok\/\" target=\"_blank\" rel=\"noreferrer noopener\">article<\/a>. <\/p>\n\n<p class=\"has-text-align-right\"><em><strong>Author<\/strong>: Zsuzsa Danka<\/em><\/p>\n","protected":false},"excerpt":{"rendered":"<p>Agile leaders are opportunity-creating and disruptive at the same time. But what does this mean? Which one of it suits you more?<\/p>\n","protected":false},"author":2,"featured_media":363,"comment_status":"open","ping_status":"open","sticky":false,"template":"","format":"standard","meta":{"footnotes":""},"categories":[61],"tags":[60],"class_list":["post-1819","post","type-post","status-publish","format-standard","has-post-thumbnail","hentry","category-awesome-articles","tag-agile-leader-en"],"yoast_head":"<!-- This site is optimized with the Yoast SEO Premium plugin v22.3 (Yoast SEO v22.9) - https:\/\/yoast.com\/wordpress\/plugins\/seo\/ -->\n<title>Are you an agile leader? - March<\/title>\n<meta name=\"robots\" content=\"index, follow, max-snippet:-1, max-image-preview:large, max-video-preview:-1\" \/>\n<link rel=\"canonical\" href=\"https:\/\/march.hu\/en\/are-you-an-agile-leader\/\" \/>\n<meta property=\"og:locale\" content=\"en_US\" \/>\n<meta property=\"og:type\" content=\"article\" \/>\n<meta property=\"og:title\" content=\"Are you an agile leader?\" \/>\n<meta property=\"og:description\" content=\"Agile leaders are opportunity-creating and disruptive at the same time. But what does this mean? Which one of it suits you more?\" \/>\n<meta property=\"og:url\" content=\"https:\/\/march.hu\/en\/are-you-an-agile-leader\/\" \/>\n<meta property=\"og:site_name\" content=\"March\" \/>\n<meta property=\"article:published_time\" content=\"2021-06-24T00:00:00+00:00\" \/>\n<meta property=\"article:modified_time\" content=\"2024-04-24T00:28:39+00:00\" \/>\n<meta property=\"og:image\" content=\"https:\/\/march.hu\/wp-content\/uploads\/2021\/06\/1669748484_agilis-vezeto-RI-scaled.jpeg\" \/>\n\t<meta property=\"og:image:width\" content=\"2560\" \/>\n\t<meta property=\"og:image:height\" content=\"2048\" \/>\n\t<meta property=\"og:image:type\" content=\"image\/jpeg\" \/>\n<meta name=\"author\" content=\"Barab\u00e1s Andrea\" \/>\n<meta name=\"twitter:card\" content=\"summary_large_image\" \/>\n<meta name=\"twitter:label1\" content=\"Written by\" \/>\n\t<meta name=\"twitter:data1\" content=\"Barab\u00e1s Andrea\" \/>\n\t<meta name=\"twitter:label2\" content=\"Est. reading time\" \/>\n\t<meta name=\"twitter:data2\" content=\"2 minutes\" \/>\n<script type=\"application\/ld+json\" class=\"yoast-schema-graph\">{\"@context\":\"https:\/\/schema.org\",\"@graph\":[{\"@type\":\"Article\",\"@id\":\"https:\/\/march.hu\/en\/are-you-an-agile-leader\/#article\",\"isPartOf\":{\"@id\":\"https:\/\/march.hu\/en\/are-you-an-agile-leader\/\"},\"author\":{\"name\":\"Barab\u00e1s Andrea\",\"@id\":\"https:\/\/march.hu\/#\/schema\/person\/9fc52b5853433309f299073b8261479d\"},\"headline\":\"Are you an agile leader?\",\"datePublished\":\"2021-06-24T00:00:00+00:00\",\"dateModified\":\"2024-04-24T00:28:39+00:00\",\"mainEntityOfPage\":{\"@id\":\"https:\/\/march.hu\/en\/are-you-an-agile-leader\/\"},\"wordCount\":439,\"commentCount\":0,\"publisher\":{\"@id\":\"https:\/\/march.hu\/#organization\"},\"image\":{\"@id\":\"https:\/\/march.hu\/en\/are-you-an-agile-leader\/#primaryimage\"},\"thumbnailUrl\":\"https:\/\/march.hu\/wp-content\/uploads\/2021\/06\/1669748484_agilis-vezeto-RI-scaled.jpeg\",\"keywords\":[\"agile leader\"],\"articleSection\":[\"Awesome articles\"],\"inLanguage\":\"en-US\",\"potentialAction\":[{\"@type\":\"CommentAction\",\"name\":\"Comment\",\"target\":[\"https:\/\/march.hu\/en\/are-you-an-agile-leader\/#respond\"]}]},{\"@type\":\"WebPage\",\"@id\":\"https:\/\/march.hu\/en\/are-you-an-agile-leader\/\",\"url\":\"https:\/\/march.hu\/en\/are-you-an-agile-leader\/\",\"name\":\"Are you an agile leader? - March\",\"isPartOf\":{\"@id\":\"https:\/\/march.hu\/#website\"},\"primaryImageOfPage\":{\"@id\":\"https:\/\/march.hu\/en\/are-you-an-agile-leader\/#primaryimage\"},\"image\":{\"@id\":\"https:\/\/march.hu\/en\/are-you-an-agile-leader\/#primaryimage\"},\"thumbnailUrl\":\"https:\/\/march.hu\/wp-content\/uploads\/2021\/06\/1669748484_agilis-vezeto-RI-scaled.jpeg\",\"datePublished\":\"2021-06-24T00:00:00+00:00\",\"dateModified\":\"2024-04-24T00:28:39+00:00\",\"breadcrumb\":{\"@id\":\"https:\/\/march.hu\/en\/are-you-an-agile-leader\/#breadcrumb\"},\"inLanguage\":\"en-US\",\"potentialAction\":[{\"@type\":\"ReadAction\",\"target\":[\"https:\/\/march.hu\/en\/are-you-an-agile-leader\/\"]}]},{\"@type\":\"ImageObject\",\"inLanguage\":\"en-US\",\"@id\":\"https:\/\/march.hu\/en\/are-you-an-agile-leader\/#primaryimage\",\"url\":\"https:\/\/march.hu\/wp-content\/uploads\/2021\/06\/1669748484_agilis-vezeto-RI-scaled.jpeg\",\"contentUrl\":\"https:\/\/march.hu\/wp-content\/uploads\/2021\/06\/1669748484_agilis-vezeto-RI-scaled.jpeg\",\"width\":1920,\"height\":1536},{\"@type\":\"BreadcrumbList\",\"@id\":\"https:\/\/march.hu\/en\/are-you-an-agile-leader\/#breadcrumb\",\"itemListElement\":[{\"@type\":\"ListItem\",\"position\":1,\"name\":\"Kezd\u0151lap\",\"item\":\"https:\/\/march.hu\/\"},{\"@type\":\"ListItem\",\"position\":2,\"name\":\"Are you an agile leader?\"}]},{\"@type\":\"WebSite\",\"@id\":\"https:\/\/march.hu\/#website\",\"url\":\"https:\/\/march.hu\/\",\"name\":\"March\",\"description\":\"Az orsz\u00e1g legnagyobb agilis k\u00f6z\u00f6ss\u00e9ge\",\"publisher\":{\"@id\":\"https:\/\/march.hu\/#organization\"},\"potentialAction\":[{\"@type\":\"SearchAction\",\"target\":{\"@type\":\"EntryPoint\",\"urlTemplate\":\"https:\/\/march.hu\/?s={search_term_string}\"},\"query-input\":\"required name=search_term_string\"}],\"inLanguage\":\"en-US\"},{\"@type\":\"Organization\",\"@id\":\"https:\/\/march.hu\/#organization\",\"name\":\"March\",\"url\":\"https:\/\/march.hu\/\",\"logo\":{\"@type\":\"ImageObject\",\"inLanguage\":\"en-US\",\"@id\":\"https:\/\/march.hu\/#\/schema\/logo\/image\/\",\"url\":\"https:\/\/march.hu\/wp-content\/uploads\/2024\/03\/favicon.png\",\"contentUrl\":\"https:\/\/march.hu\/wp-content\/uploads\/2024\/03\/favicon.png\",\"width\":211,\"height\":306,\"caption\":\"March\"},\"image\":{\"@id\":\"https:\/\/march.hu\/#\/schema\/logo\/image\/\"}},{\"@type\":\"Person\",\"@id\":\"https:\/\/march.hu\/#\/schema\/person\/9fc52b5853433309f299073b8261479d\",\"name\":\"Barab\u00e1s Andrea\",\"image\":{\"@type\":\"ImageObject\",\"inLanguage\":\"en-US\",\"@id\":\"https:\/\/march.hu\/#\/schema\/person\/image\/\",\"url\":\"https:\/\/secure.gravatar.com\/avatar\/8c5412916a896168cb5f2688ccab57537fbad0bdaa96a4bc0c6a3e17b9e1e7a5?s=96&d=mm&r=g\",\"contentUrl\":\"https:\/\/secure.gravatar.com\/avatar\/8c5412916a896168cb5f2688ccab57537fbad0bdaa96a4bc0c6a3e17b9e1e7a5?s=96&d=mm&r=g\",\"caption\":\"Barab\u00e1s Andrea\"},\"url\":\"https:\/\/march.hu\/en\/author\/andrea\/\"}]}<\/script>\n<!-- \/ Yoast SEO Premium plugin. -->","yoast_head_json":{"title":"Are you an agile leader? - March","robots":{"index":"index","follow":"follow","max-snippet":"max-snippet:-1","max-image-preview":"max-image-preview:large","max-video-preview":"max-video-preview:-1"},"canonical":"https:\/\/march.hu\/en\/are-you-an-agile-leader\/","og_locale":"en_US","og_type":"article","og_title":"Are you an agile leader?","og_description":"Agile leaders are opportunity-creating and disruptive at the same time. But what does this mean? Which one of it suits you more?","og_url":"https:\/\/march.hu\/en\/are-you-an-agile-leader\/","og_site_name":"March","article_published_time":"2021-06-24T00:00:00+00:00","article_modified_time":"2024-04-24T00:28:39+00:00","og_image":[{"width":2560,"height":2048,"url":"https:\/\/march.hu\/wp-content\/uploads\/2021\/06\/1669748484_agilis-vezeto-RI-scaled.jpeg","type":"image\/jpeg"}],"author":"Barab\u00e1s Andrea","twitter_card":"summary_large_image","twitter_misc":{"Written by":"Barab\u00e1s Andrea","Est. reading time":"2 minutes"},"schema":{"@context":"https:\/\/schema.org","@graph":[{"@type":"Article","@id":"https:\/\/march.hu\/en\/are-you-an-agile-leader\/#article","isPartOf":{"@id":"https:\/\/march.hu\/en\/are-you-an-agile-leader\/"},"author":{"name":"Barab\u00e1s Andrea","@id":"https:\/\/march.hu\/#\/schema\/person\/9fc52b5853433309f299073b8261479d"},"headline":"Are you an agile leader?","datePublished":"2021-06-24T00:00:00+00:00","dateModified":"2024-04-24T00:28:39+00:00","mainEntityOfPage":{"@id":"https:\/\/march.hu\/en\/are-you-an-agile-leader\/"},"wordCount":439,"commentCount":0,"publisher":{"@id":"https:\/\/march.hu\/#organization"},"image":{"@id":"https:\/\/march.hu\/en\/are-you-an-agile-leader\/#primaryimage"},"thumbnailUrl":"https:\/\/march.hu\/wp-content\/uploads\/2021\/06\/1669748484_agilis-vezeto-RI-scaled.jpeg","keywords":["agile leader"],"articleSection":["Awesome articles"],"inLanguage":"en-US","potentialAction":[{"@type":"CommentAction","name":"Comment","target":["https:\/\/march.hu\/en\/are-you-an-agile-leader\/#respond"]}]},{"@type":"WebPage","@id":"https:\/\/march.hu\/en\/are-you-an-agile-leader\/","url":"https:\/\/march.hu\/en\/are-you-an-agile-leader\/","name":"Are you an agile leader? - March","isPartOf":{"@id":"https:\/\/march.hu\/#website"},"primaryImageOfPage":{"@id":"https:\/\/march.hu\/en\/are-you-an-agile-leader\/#primaryimage"},"image":{"@id":"https:\/\/march.hu\/en\/are-you-an-agile-leader\/#primaryimage"},"thumbnailUrl":"https:\/\/march.hu\/wp-content\/uploads\/2021\/06\/1669748484_agilis-vezeto-RI-scaled.jpeg","datePublished":"2021-06-24T00:00:00+00:00","dateModified":"2024-04-24T00:28:39+00:00","breadcrumb":{"@id":"https:\/\/march.hu\/en\/are-you-an-agile-leader\/#breadcrumb"},"inLanguage":"en-US","potentialAction":[{"@type":"ReadAction","target":["https:\/\/march.hu\/en\/are-you-an-agile-leader\/"]}]},{"@type":"ImageObject","inLanguage":"en-US","@id":"https:\/\/march.hu\/en\/are-you-an-agile-leader\/#primaryimage","url":"https:\/\/march.hu\/wp-content\/uploads\/2021\/06\/1669748484_agilis-vezeto-RI-scaled.jpeg","contentUrl":"https:\/\/march.hu\/wp-content\/uploads\/2021\/06\/1669748484_agilis-vezeto-RI-scaled.jpeg","width":1920,"height":1536},{"@type":"BreadcrumbList","@id":"https:\/\/march.hu\/en\/are-you-an-agile-leader\/#breadcrumb","itemListElement":[{"@type":"ListItem","position":1,"name":"Kezd\u0151lap","item":"https:\/\/march.hu\/"},{"@type":"ListItem","position":2,"name":"Are you an agile leader?"}]},{"@type":"WebSite","@id":"https:\/\/march.hu\/#website","url":"https:\/\/march.hu\/","name":"March","description":"Az orsz\u00e1g legnagyobb agilis k\u00f6z\u00f6ss\u00e9ge","publisher":{"@id":"https:\/\/march.hu\/#organization"},"potentialAction":[{"@type":"SearchAction","target":{"@type":"EntryPoint","urlTemplate":"https:\/\/march.hu\/?s={search_term_string}"},"query-input":"required name=search_term_string"}],"inLanguage":"en-US"},{"@type":"Organization","@id":"https:\/\/march.hu\/#organization","name":"March","url":"https:\/\/march.hu\/","logo":{"@type":"ImageObject","inLanguage":"en-US","@id":"https:\/\/march.hu\/#\/schema\/logo\/image\/","url":"https:\/\/march.hu\/wp-content\/uploads\/2024\/03\/favicon.png","contentUrl":"https:\/\/march.hu\/wp-content\/uploads\/2024\/03\/favicon.png","width":211,"height":306,"caption":"March"},"image":{"@id":"https:\/\/march.hu\/#\/schema\/logo\/image\/"}},{"@type":"Person","@id":"https:\/\/march.hu\/#\/schema\/person\/9fc52b5853433309f299073b8261479d","name":"Barab\u00e1s Andrea","image":{"@type":"ImageObject","inLanguage":"en-US","@id":"https:\/\/march.hu\/#\/schema\/person\/image\/","url":"https:\/\/secure.gravatar.com\/avatar\/8c5412916a896168cb5f2688ccab57537fbad0bdaa96a4bc0c6a3e17b9e1e7a5?s=96&d=mm&r=g","contentUrl":"https:\/\/secure.gravatar.com\/avatar\/8c5412916a896168cb5f2688ccab57537fbad0bdaa96a4bc0c6a3e17b9e1e7a5?s=96&d=mm&r=g","caption":"Barab\u00e1s Andrea"},"url":"https:\/\/march.hu\/en\/author\/andrea\/"}]}},"jetpack_featured_media_url":"https:\/\/march.hu\/wp-content\/uploads\/2021\/06\/1669748484_agilis-vezeto-RI-scaled.jpeg","_links":{"self":[{"href":"https:\/\/march.hu\/en\/wp-json\/wp\/v2\/posts\/1819","targetHints":{"allow":["GET"]}}],"collection":[{"href":"https:\/\/march.hu\/en\/wp-json\/wp\/v2\/posts"}],"about":[{"href":"https:\/\/march.hu\/en\/wp-json\/wp\/v2\/types\/post"}],"author":[{"embeddable":true,"href":"https:\/\/march.hu\/en\/wp-json\/wp\/v2\/users\/2"}],"replies":[{"embeddable":true,"href":"https:\/\/march.hu\/en\/wp-json\/wp\/v2\/comments?post=1819"}],"version-history":[{"count":1,"href":"https:\/\/march.hu\/en\/wp-json\/wp\/v2\/posts\/1819\/revisions"}],"predecessor-version":[{"id":1820,"href":"https:\/\/march.hu\/en\/wp-json\/wp\/v2\/posts\/1819\/revisions\/1820"}],"wp:featuredmedia":[{"embeddable":true,"href":"https:\/\/march.hu\/en\/wp-json\/wp\/v2\/media\/363"}],"wp:attachment":[{"href":"https:\/\/march.hu\/en\/wp-json\/wp\/v2\/media?parent=1819"}],"wp:term":[{"taxonomy":"category","embeddable":true,"href":"https:\/\/march.hu\/en\/wp-json\/wp\/v2\/categories?post=1819"},{"taxonomy":"post_tag","embeddable":true,"href":"https:\/\/march.hu\/en\/wp-json\/wp\/v2\/tags?post=1819"}],"curies":[{"name":"wp","href":"https:\/\/api.w.org\/{rel}","templated":true}]}}